[{"@context":"https:\/\/schema.org\/","@type":"Article","@id":"https:\/\/www.elvie.cz\/zmena-k-lepsimu-vlastnim-bydlenim\/#Article","mainEntityOfPage":"https:\/\/www.elvie.cz\/zmena-k-lepsimu-vlastnim-bydlenim\/","headline":"Zm\u011bna k lep\u0161\u00edmu vlastn\u00edm bydlen\u00edm.","name":"Zm\u011bna k lep\u0161\u00edmu vlastn\u00edm bydlen\u00edm.","description":"Od mali\u010dka jsem \u017eila v dom\u011b a m\u016f\u017eu v\u00e1m \u0159\u00edct, \u017ee jsem nebyla v\u016fbec spokojen\u00e1. Nebavilo m\u011b to, jak po mn\u011b moji rodi\u010de po\u0159\u00e1d cht\u011bli, abych n\u011bco d\u011blala na zahrad\u011b, abych uklidila, proto\u017ee d\u016fm byl pom\u011brn\u011b velk\u00fd a m\u011b to sp\u00ed\u0161e otravovalo. Jakmile jsem dosp\u011bla, m\u011bla jsem pocit, \u017ee chci n\u011bjak\u00fd mal\u00fd byt, kter\u00fd bude <a href=\"https:\/\/www.elvie.cz\/zmena-k-lepsimu-vlastnim-bydlenim\/\"> read more <span class=\"meta-nav\"><\/span><\/a>","datePublished":"2024-03-31","dateModified":"2024-03-31","author":{"@type":"Person","@id":"https:\/\/www.elvie.cz\/author\/#Person","name":"","url":"https:\/\/www.elvie.cz\/author\/","identifier":1,"image":{"@type":"ImageObject","@id":"https:\/\/secure.gravatar.com\/avatar\/68b3ed45b3ae6ecdad6bfa25b4077e93536d7764172b2830acbdb661d7242512?s=96&d=mm&r=g","url":"https:\/\/secure.gravatar.com\/avatar\/68b3ed45b3ae6ecdad6bfa25b4077e93536d7764172b2830acbdb661d7242512?s=96&d=mm&r=g","height":96,"width":96}},"publisher":{"@type":"Organization","name":"elvie.cz","logo":{"@type":"ImageObject","@id":"\/logo.png","url":"\/logo.png","width":600,"height":60}},"image":{"@type":"ImageObject","@id":"https:\/\/www.elvie.cz\/wp-content\/uploads\/city-1093866_1280.jpg","url":"https:\/\/www.elvie.cz\/wp-content\/uploads\/city-1093866_1280.jpg","height":0,"width":0},"url":"https:\/\/www.elvie.cz\/zmena-k-lepsimu-vlastnim-bydlenim\/","about":["Byt"],"wordCount":475,"articleBody":"Od mali\u010dka jsem \u017eila v dom\u011b a m\u016f\u017eu v\u00e1m \u0159\u00edct, \u017ee jsem nebyla v\u016fbec spokojen\u00e1. Nebavilo m\u011b to, jak po mn\u011b moji rodi\u010de po\u0159\u00e1d cht\u011bli, abych n\u011bco d\u011blala na zahrad\u011b, abych uklidila, proto\u017ee d\u016fm byl pom\u011brn\u011b velk\u00fd a m\u011b to sp\u00ed\u0161e otravovalo. Jakmile jsem dosp\u011bla, m\u011bla jsem pocit, \u017ee chci n\u011bjak\u00fd mal\u00fd byt, kter\u00fd bude \u00fatuln\u00fd a bude mi v n\u011bm dob\u0159e. Ne \u017ee bych nerada ukl\u00edzela, to v \u017e\u00e1dn\u00e9m p\u0159\u00edpad\u011b, ukl\u00edz\u00edm velice r\u00e1da, ale m\u00e1m pocit, \u017ee chci m\u00edt sv\u016fj klid a nel\u00edb\u00ed se mi, kdy\u017e do m\u011b n\u011bkdo po\u0159\u00e1d hu\u010d\u00ed, \u017ee m\u00e1m j\u00edt ukl\u00edzet a kdy to m\u00e1m ud\u011blat. M\u00e1m r\u00e1da sv\u016fj klid, tohle m\u00e1 ale r\u00e1d ka\u017ed\u00fd. Taky jsem se p\u0159est\u011bhovala do sv\u00e9ho byte\u010dku, kter\u00fd m\u00e1m pronajat\u00fd, a jsem za to r\u00e1da, proto\u017ee aspo\u0148 m\u00e1m tu st\u0159echu nad hlavou.\u00a0\u00a0Najednou mi ten stres a shon upadl a m\u011bla jsem pocit, \u017ee kone\u010dn\u011b m\u00e1m svou svobodu a \u017ee m\u016f\u017eu d\u00fdchat. Moji rodi\u010de za mnou chod\u00ed na n\u00e1v\u0161t\u011bvu, ale u\u017e jsem to jen j\u00e1, kter\u00e1 rozhoduje o tom, co si mohu dovolit a co ne, proto\u017ee to m\u00e1m sice pronajat\u00e9, ale na druhou stranu jsem tam jako majitelka, proto\u017ee rozhoduji o tom, kdo co m\u016f\u017ee d\u011blat. Ani rodi\u010de si nedovol\u00ed mi \u0159\u00edct, \u017ee m\u00e1m d\u011blat to nebo ono, proto\u017ee je to vlastn\u011b sv\u00fdm zp\u016fsobem m\u016fj byt, i p\u0159esto \u017ee je pronajat\u00fd. Pokud to budu m\u00edt pronajat\u00e9, tak v tom byt\u011b budu rozhodovat jenom j\u00e1. Takhle to chod\u00ed, jakmile m\u00e1 n\u011bkdo sv\u016fj d\u016fm nebo byt, tak v n\u011bm rozhoduje.\u00a0\u00a0N\u011bkdy je to a\u017e takov\u00e1 buzerace, kdy\u017e do v\u00e1s n\u011bkdo po\u0159\u00e1d n\u011bco hu\u010d\u00ed, \u017ee mus\u00edte tamto a tamto. Nejlep\u0161\u00ed je, kdy\u017e se \u010dlov\u011bk odst\u011bhuje a najednou bydl\u00ed s\u00e1m nebo klidn\u011b i se sv\u00fdm partnerem \u010di partnerkou, ale najednou v\u00edte, \u017ee tam m\u016f\u017eete rozhodovat. To je velice kr\u00e1sn\u00e9 a j\u00e1 si mysl\u00edm, \u017ee pokud chcete poznat svobodu a m\u00edt klid v du\u0161i, tak se opravdu odst\u011bhujte kamkoliv chcete. J\u00e1 jsem si vysnila, \u017ee budu m\u00edt byt, u\u017e jsem necht\u011bla o \u017e\u00e1dn\u00e9m dom\u011b ani sly\u0161et, a jsem r\u00e1da, \u017ee m\u00e1m ten sv\u016fj byte\u010dek, proto\u017ee si ho v\u00e1\u017e\u00edm a jsem hrozn\u011b r\u00e1da, \u017ee jsem poznala, jak\u00fd \u017eivot je a \u017ee m\u016f\u017ee b\u00fdt i mnohem lep\u0161\u00ed ne\u017e \u017e\u00edt pod st\u0159echou rodi\u010d\u016f.                                                                                                                                                                                                                                                                                                                                                                                        4.4\/5 - (8 votes)        "},{"@context":"https:\/\/schema.org\/","@type":"BreadcrumbList","itemListElement":[{"@type":"ListItem","position":1,"name":"Zm\u011bna k lep\u0161\u00edmu vlastn\u00edm bydlen\u00edm.","item":"https:\/\/www.elvie.cz\/zmena-k-lepsimu-vlastnim-bydlenim\/#breadcrumbitem"}]}]