[{"@context":"https:\/\/schema.org\/","@type":"Article","@id":"https:\/\/www.elvie.cz\/v-jesenikach-se-detem-bude-libit\/#Article","mainEntityOfPage":"https:\/\/www.elvie.cz\/v-jesenikach-se-detem-bude-libit\/","headline":"V Jesen\u00edk\u00e1ch se d\u011btem bude l\u00edbit","name":"V Jesen\u00edk\u00e1ch se d\u011btem bude l\u00edbit","description":"Ubytov\u00e1n\u00ed v Jesen\u00edk\u00e1ch s d\u011btmi m\u016f\u017ee p\u0159in\u00e9st cel\u00e9 va\u0161\u00ed rodin\u011b mnoho zaj\u00edmav\u00fdch \u017eivotn\u00edch pro\u017eitk\u016f a zku\u0161enost\u00ed, s nimi\u017e budete m\u00edt p\u0159\u00edle\u017eitost pochopit, pro\u010d pr\u00e1v\u011b hory pa\u0159\u00ed k nejvyhled\u00e1van\u011bj\u0161\u00edm turistick\u00fdm oblastem pro dovolenkov\u00e9 pobyty. Do hor se toti\u017e m\u016f\u017eete vypravit v zim\u011b na ly\u017ee, v l\u00e9t\u011b na turistiku a cyklistiku a na ja\u0159e \u010di na podzim <a href=\"https:\/\/www.elvie.cz\/v-jesenikach-se-detem-bude-libit\/\"> read more <span class=\"meta-nav\"><\/span><\/a>","datePublished":"2022-09-10","dateModified":"2022-09-10","author":{"@type":"Person","@id":"https:\/\/www.elvie.cz\/author\/#Person","name":"","url":"https:\/\/www.elvie.cz\/author\/","identifier":1,"image":{"@type":"ImageObject","@id":"https:\/\/secure.gravatar.com\/avatar\/68b3ed45b3ae6ecdad6bfa25b4077e93536d7764172b2830acbdb661d7242512?s=96&d=mm&r=g","url":"https:\/\/secure.gravatar.com\/avatar\/68b3ed45b3ae6ecdad6bfa25b4077e93536d7764172b2830acbdb661d7242512?s=96&d=mm&r=g","height":96,"width":96}},"publisher":{"@type":"Organization","name":"elvie.cz","logo":{"@type":"ImageObject","@id":"\/logo.png","url":"\/logo.png","width":600,"height":60}},"image":{"@type":"ImageObject","@id":"https:\/\/www.elvie.cz\/wp-content\/uploads\/trees-gd32c86d7c_640.jpg","url":"https:\/\/www.elvie.cz\/wp-content\/uploads\/trees-gd32c86d7c_640.jpg","height":0,"width":0},"url":"https:\/\/www.elvie.cz\/v-jesenikach-se-detem-bude-libit\/","about":["Business"],"wordCount":425,"articleBody":"   Ubytov\u00e1n\u00ed v Jesen\u00edk\u00e1ch s d\u011btmi m\u016f\u017ee p\u0159in\u00e9st cel\u00e9 va\u0161\u00ed rodin\u011b mnoho zaj\u00edmav\u00fdch \u017eivotn\u00edch pro\u017eitk\u016f a zku\u0161enost\u00ed, s nimi\u017e budete m\u00edt p\u0159\u00edle\u017eitost pochopit, pro\u010d pr\u00e1v\u011b hory pa\u0159\u00ed k nejvyhled\u00e1van\u011bj\u0161\u00edm turistick\u00fdm oblastem pro dovolenkov\u00e9 pobyty. Do hor se toti\u017e m\u016f\u017eete vypravit v zim\u011b na ly\u017ee, v l\u00e9t\u011b na turistiku a cyklistiku a na ja\u0159e \u010di na podzim pro relaxa\u010dn\u00ed wellness pobyty a jednodenn\u00ed pozn\u00e1vac\u00ed v\u00fdlety.Karlova Stud\u00e1nkaV\u00edte, \u017ee pr\u00e1v\u011b zde se v l\u00e1ze\u0148sk\u00e9m dom\u011b nat\u00e1\u010dela sekvence s Pavlem Nov\u00fdm a Zdenou Stud\u00e9nkovou pro komedii stolet\u00ed \u201eS tebou m\u011b bav\u00ed sv\u011bt\u201c? Bylo to v roce 1982, pro n\u011bkter\u00e9 z v\u00e1s tedy doba, kterou jste ani sami nepro\u017eili, anebo pouze jako batolata. Ten l\u00e1ze\u0148sk\u00fd d\u016fm tu stoj\u00ed po\u0159\u00e1d v t\u00e9m\u011b\u0159 nezm\u011bn\u011bn\u00e9 podob\u011b a m\u016f\u017eete si jej prohl\u00e9dnout a t\u0159eba si ve stejn\u00fd den pustit film, abyste porovnali sv\u00e9 pro\u017eitky s t\u011bmi filmov\u00fdmi. Karlova Stud\u00e1nka je velmi malebn\u00e1 mal\u00e1 vesni\u010dka a je v\u00fdchoz\u00edm bodem k turistick\u00e9mu putov\u00e1n\u00ed proti proudu B\u00edl\u00e9 Opavy.B\u00edl\u00e1 OpavaTuristicky zna\u010den\u00e1 trasa pod\u00e9l B\u00edl\u00e9 Opavy pat\u0159\u00ed k nejzaj\u00edmav\u011bj\u0161\u00edm v\u00fdletn\u00edm m\u00edst\u016fm v cel\u00e9 republice a chcete-li ji nav\u0161t\u00edvit i vy, vydejte se do t\u011bchto m\u00edst mimo v\u00edkendy, kdy je tu opravdu plno. Tehdy tudy proud\u00ed davy turist\u016f, a tak je v\u00fdhodn\u011bj\u0161\u00ed proj\u00edt si ji o v\u0161edn\u00ed den, a nejl\u00e9pe mimo pr\u00e1zdniny od dubna do \u010dervna a od konce srpna do konce z\u00e1\u0159\u00ed.Dlouh\u00e9 Str\u00e1n\u011bL\u00edbit by se v\u00e1m mohla i p\u0159e\u010derp\u00e1vac\u00ed vodn\u00ed elektr\u00e1rna Dlouh\u00e9 Str\u00e1n\u011b, vodn\u00ed d\u00edlo je p\u0159\u00edstupn\u00e9 ve\u0159ejnosti formou prohl\u00eddek \u010di exkurz\u00ed a tento sv\u011btov\u00fd unik\u00e1t za va\u0161i pozornost ur\u010dit\u011b stoj\u00ed.Cel\u00e1 oblast Hrub\u00e9ho Jesen\u00edku nav\u00edc poskytuje p\u0159ekr\u00e1sn\u00e9 v\u00fdhledy do okol\u00ed, zejm\u00e9na z nejvy\u0161\u0161\u00edch vrcholk\u016f, nad nimi\u017e v\u00fdrazn\u011b dominuje Prad\u011bd. Na Prad\u011bdu je k dispozici po cel\u00fd rok otev\u0159en\u00e1 rozhledna s restaurac\u00ed a mo\u017en\u00e1, \u017ee pr\u00e1v\u011b zde si uv\u011bdom\u00edte, jak je na\u0161e vlast p\u0159ekr\u00e1sn\u00e1, a \u017ee va\u0161e dovolen\u00e1 v Jesen\u00edk\u00e1ch byla dobrou volbou.                                                                                                                                                                                                                                                                                                                                                                                          3\/5 - (1 vote)        "},{"@context":"https:\/\/schema.org\/","@type":"BreadcrumbList","itemListElement":[{"@type":"ListItem","position":1,"name":"V Jesen\u00edk\u00e1ch se d\u011btem bude l\u00edbit","item":"https:\/\/www.elvie.cz\/v-jesenikach-se-detem-bude-libit\/#breadcrumbitem"}]}]