[{"@context":"https:\/\/schema.org\/","@type":"Article","@id":"https:\/\/www.elvie.cz\/svatba-snu\/#Article","mainEntityOfPage":"https:\/\/www.elvie.cz\/svatba-snu\/","headline":"Svatba sn\u016f","name":"Svatba sn\u016f","description":"\u0158\u00edct si sv\u00e9 ano a stvrdit tento slib \u0161perkem- \u0161perkem s velk\u00fdm \u0160. Snubn\u00ed prsteny, kter\u00e9 hled\u00e1te, naleznete bezpochyby v m\u00e9m internetov\u00e9m obchodu. Ve\u0161ker\u00e9 \u0161perky v m\u00e9 nab\u00eddce jsou vyr\u00e1b\u011bny ru\u010dn\u011b a v\u017edy upraveny podle konkr\u00e9tn\u00edho p\u0159\u00e1n\u00ed z\u00e1kazn\u00edka. Potrp\u00edm si na dokonalosti a originalit\u011b. N\u00e1vrhy podle Va\u0161ich p\u0159edstav Jeliko\u017e jsem zlatn\u00edkem, kter\u00fd z dlouholet\u00e9 praxe <a href=\"https:\/\/www.elvie.cz\/svatba-snu\/\"> read more <span class=\"meta-nav\"><\/span><\/a>","datePublished":"2024-11-10","dateModified":"2024-11-10","author":{"@type":"Person","@id":"https:\/\/www.elvie.cz\/author\/#Person","name":"","url":"https:\/\/www.elvie.cz\/author\/","identifier":1,"image":{"@type":"ImageObject","@id":"https:\/\/secure.gravatar.com\/avatar\/68b3ed45b3ae6ecdad6bfa25b4077e93536d7764172b2830acbdb661d7242512?s=96&d=mm&r=g","url":"https:\/\/secure.gravatar.com\/avatar\/68b3ed45b3ae6ecdad6bfa25b4077e93536d7764172b2830acbdb661d7242512?s=96&d=mm&r=g","height":96,"width":96}},"publisher":{"@type":"Organization","name":"elvie.cz","logo":{"@type":"ImageObject","@id":"\/logo.png","url":"\/logo.png","width":600,"height":60}},"url":"https:\/\/www.elvie.cz\/svatba-snu\/","wordCount":179,"articleBody":"\u0158\u00edct si sv\u00e9 ano a stvrdit tento slib \u0161perkem- \u0161perkem s velk\u00fdm \u0160. Snubn\u00ed prsteny, kter\u00e9 hled\u00e1te, naleznete bezpochyby v m\u00e9m internetov\u00e9m obchodu. Ve\u0161ker\u00e9 \u0161perky v m\u00e9 nab\u00eddce jsou vyr\u00e1b\u011bny ru\u010dn\u011b a v\u017edy upraveny podle konkr\u00e9tn\u00edho p\u0159\u00e1n\u00ed z\u00e1kazn\u00edka. Potrp\u00edm si na dokonalosti a originalit\u011b.N\u00e1vrhy podle Va\u0161ich p\u0159edstavJeliko\u017e jsem zlatn\u00edkem, kter\u00fd z dlouholet\u00e9 praxe v\u00ed, \u017ee ka\u017ed\u00fd m\u00e1 odli\u0161n\u00fd vkus a tak\u00e9 odli\u0161n\u00e9 p\u0159edstavy o kr\u00e1sn\u00e9m \u0161perku, nab\u00edz\u00edm v r\u00e1mci poskytovan\u00fdch slu\u017eeb i vytvo\u0159en\u00ed origin\u00e1ln\u00edho trojrozm\u011brn\u00e9ho n\u00e1vrhu. D\u00edky tomu sjednot\u00edme p\u0159edstavu mou a Va\u0161i jako z\u00e1kazn\u00edka.Nez\u00e1le\u017e\u00ed tedy, zda d\u00e1v\u00e1te p\u0159ednost \u0161perky se zdoben\u00edm,  kamenem nebo up\u0159ednost\u0148ujete jednoduchost. Ka\u017ed\u00fd tak z\u00edsk\u00e1 pro sv\u016fj svatebn\u00ed den vysn\u011bn\u00e9 snubn\u00ed prsteny v t\u00e9 nejkvalitn\u011bj\u0161\u00ed podob\u011b, kterou p\u0159edstavuje jen tradi\u010dn\u00ed ru\u010dn\u00ed pr\u00e1ce.                                                                                                                                                                                                                                                                                                                                                                                        3.9\/5 - (7 votes)        "},{"@context":"https:\/\/schema.org\/","@type":"BreadcrumbList","itemListElement":[{"@type":"ListItem","position":1,"name":"Svatba sn\u016f","item":"https:\/\/www.elvie.cz\/svatba-snu\/#breadcrumbitem"}]}]