[{"@context":"https:\/\/schema.org\/","@type":"Article","@id":"https:\/\/www.elvie.cz\/proc-si-objednat-svatebniho-fotografa\/#Article","mainEntityOfPage":"https:\/\/www.elvie.cz\/proc-si-objednat-svatebniho-fotografa\/","headline":"Pro\u010d si objednat svatebn\u00edho fotografa","name":"Pro\u010d si objednat svatebn\u00edho fotografa","description":"Historie fotografie je star\u00e1 v\u00edce ne\u017e sto let a prvn\u00ed sn\u00edmky byly v porovn\u00e1n\u00ed s t\u011bmi sou\u010dasn\u00fdmi doslova sm\u011b\u0161n\u00e9. Mnoz\u00ed z v\u00e1s, co pamatuj\u00ed jako \u0161kol\u00e1ci a studenti dobu socialismu, si mo\u017en\u00e1 je\u0161t\u011b vybav\u00ed tehdej\u0161\u00ed z\u00e1jmov\u00e9 krou\u017eky v r\u00e1mci SSM \u010di Pion\u00fdra, kdy se v klubovn\u00e1ch povalovaly zv\u011bt\u0161ov\u00e1ky, v\u00fdvojky a ustalova\u010de, a v temn\u00fdch komor\u00e1ch <a href=\"https:\/\/www.elvie.cz\/proc-si-objednat-svatebniho-fotografa\/\"> read more <span class=\"meta-nav\"><\/span><\/a>","datePublished":"2023-06-07","dateModified":"2023-11-25","author":{"@type":"Person","@id":"https:\/\/www.elvie.cz\/author\/#Person","name":"","url":"https:\/\/www.elvie.cz\/author\/","identifier":1,"image":{"@type":"ImageObject","@id":"https:\/\/secure.gravatar.com\/avatar\/68b3ed45b3ae6ecdad6bfa25b4077e93536d7764172b2830acbdb661d7242512?s=96&d=mm&r=g","url":"https:\/\/secure.gravatar.com\/avatar\/68b3ed45b3ae6ecdad6bfa25b4077e93536d7764172b2830acbdb661d7242512?s=96&d=mm&r=g","height":96,"width":96}},"publisher":{"@type":"Organization","name":"elvie.cz","logo":{"@type":"ImageObject","@id":"\/logo.png","url":"\/logo.png","width":600,"height":60}},"image":{"@type":"ImageObject","@id":"https:\/\/www.elvie.cz\/wp-content\/uploads\/bride-g62e16a1e3_640.jpg","url":"https:\/\/www.elvie.cz\/wp-content\/uploads\/bride-g62e16a1e3_640.jpg","height":0,"width":0},"url":"https:\/\/www.elvie.cz\/proc-si-objednat-svatebniho-fotografa\/","about":["N\u00e1kupy"],"wordCount":420,"articleBody":"   Historie fotografie je star\u00e1 v\u00edce ne\u017e sto let a prvn\u00ed sn\u00edmky byly v porovn\u00e1n\u00ed s t\u011bmi sou\u010dasn\u00fdmi doslova sm\u011b\u0161n\u00e9. Mnoz\u00ed z v\u00e1s, co pamatuj\u00ed jako \u0161kol\u00e1ci a studenti dobu socialismu, si mo\u017en\u00e1 je\u0161t\u011b vybav\u00ed tehdej\u0161\u00ed z\u00e1jmov\u00e9 krou\u017eky v r\u00e1mci SSM \u010di Pion\u00fdra, kdy se v klubovn\u00e1ch povalovaly zv\u011bt\u0161ov\u00e1ky, v\u00fdvojky a ustalova\u010de, a v temn\u00fdch komor\u00e1ch vznikala nesm\u011bl\u00e1 d\u00edla amat\u00e9rsk\u00fdch fotograf\u016f, po\u0159\u00edzen\u00e1 na \u010dernob\u00edl\u00fd film docela oby\u010dejnou zrcadlovkou.Dnes m\u00e1te fotoapar\u00e1t v ka\u017ed\u00e9m mobilu a m\u00e1te-li z\u00e1jem, po\u0159\u00edd\u00edte i kvalitn\u011bj\u0161\u00ed fo\u0165\u00e1ky za dostupn\u00e9 pen\u00edze, s nimi\u017e lze doslova kouzlit. Jenom\u017ee fotoapar\u00e1t je jen fotoapar\u00e1t, tedy n\u011bco jako pro mal\u00ed\u0159e mal\u00ed\u0159sk\u00e1 paleta, barvy a \u0161t\u011btec. Toto porovn\u00e1n\u00ed je velice trefn\u00e9, sta\u010d\u00ed sbalit do ta\u0161ky mal\u00ed\u0159sk\u00e9 propriety a vydat se do Prahy na Karl\u016fv most malovat portr\u00e9ty kolemjdouc\u00edch. Skute\u010dn\u00ed mist\u0159i to svedou, sta\u010d\u00ed jim k tomu oby\u010dejn\u00e1 \u010dtvrtka a sada grafitov\u00fdch tu\u017eek za dv\u011b stovky. A vy? Mohli byste konkurovat takov\u00fdm mal\u00ed\u0159\u016fm? Takov\u00fdch mistr\u016f je opravdu m\u00e1lo a to sam\u00e9 bychom mohli tvrdit o fotografech.Oslovte rad\u011bji profesion\u00e1laJestli\u017ee se chyst\u00e1te na svatebn\u00ed ob\u0159ad, bylo by vhodn\u00e9 jej zdokumentovat na fotografi\u00edch. A zde je pr\u00e1v\u011b ten k\u00e1men \u00farazu. Proto\u017ee i kdy\u017e m\u00e1te kvalitn\u00ed fotoapar\u00e1t, velmi z\u00e1le\u017e\u00ed na tom, kdo jej obsluhuje. Zda m\u00e1 cit na sv\u011btlo a st\u00edn, na kompozici, na n\u00e1pad, jak zachytit n\u011bco v\u00fdjime\u010dn\u00e9ho a zaj\u00edmav\u00e9ho. Um\u011bt fotit je n\u011bco jako um\u011bt kreslit obli\u010deje na Karlov\u011b most\u011b, mus\u00edte m\u00edt na to intuici, tv\u016fr\u010d\u00ed energii a tak\u00e9 v\u016fli u\u010dit se nov\u00fdm v\u011bcem, vn\u00edmat je a implementovat je do praxe.Proto rad\u011bji oslovujeme profesion\u00e1ln\u00ed svatebn\u00ed fotografy ze Zl\u00edna, kte\u0159\u00ed n\u011bco doopravdy um\u00ed, co\u017e je zvl\u00e1\u0161t\u011b d\u016fle\u017eit\u00e9 na svatb\u011b, kterou nelze zopakovat a mus\u00edte tamn\u00ed atmosf\u00e9ru zachytit \u201etady a te\u010f\u201c. Svatebn\u00ed fotky jsou cenn\u00e9 pr\u00e1v\u011b pro jejich dokument\u00e1rn\u00ed a z\u00e1rove\u0148 um\u011bleckou hodnotu. Sv\u011b\u0159ili byste je za\u010d\u00ednaj\u00edc\u00edm amat\u00e9rsk\u00fdm fotograf\u016fm, kte\u0159\u00ed se prozat\u00edm s touto \u010dinnost\u00ed seznamuj\u00ed?                                                                                                                                                                                                                                                                                                                                                                                          3.1\/5 - (9 votes)        "},{"@context":"https:\/\/schema.org\/","@type":"BreadcrumbList","itemListElement":[{"@type":"ListItem","position":1,"name":"Pro\u010d si objednat svatebn\u00edho fotografa","item":"https:\/\/www.elvie.cz\/proc-si-objednat-svatebniho-fotografa\/#breadcrumbitem"}]}]