[{"@context":"https:\/\/schema.org\/","@type":"Article","@id":"https:\/\/www.elvie.cz\/cestovani-vsude\/#Article","mainEntityOfPage":"https:\/\/www.elvie.cz\/cestovani-vsude\/","headline":"Cestov\u00e1n\u00ed v\u0161ude","name":"Cestov\u00e1n\u00ed v\u0161ude","description":"Tak\u00e9 r\u00e1di cestujete, ale nev\u00edte, kam u\u017e se d\u00e1le pod\u00edvat? Pokud ano, tak j\u00e1 bych pro v\u00e1s m\u011bla osobn\u011b n\u011bkolik typ\u016f, kter\u00e9 by v\u00e1s jist\u011b ur\u010dit\u011b bavily. Zkou\u0161eli jste cestovat tak\u00e9 jenom po Evrop\u011b? Proto\u017ee kdy\u017e jsem se takhle ptala sv\u00fdch kamar\u00e1d\u016f anebo zn\u00e1m\u00fdch, tak oni mi \u0159ekli, \u017ee prav\u00e9 cestov\u00e1n\u00ed je to, kdy\u017e je <a href=\"https:\/\/www.elvie.cz\/cestovani-vsude\/\"> read more <span class=\"meta-nav\"><\/span><\/a>","datePublished":"2022-12-22","dateModified":"2023-08-23","author":{"@type":"Person","@id":"https:\/\/www.elvie.cz\/author\/#Person","name":"","url":"https:\/\/www.elvie.cz\/author\/","identifier":1,"image":{"@type":"ImageObject","@id":"https:\/\/secure.gravatar.com\/avatar\/68b3ed45b3ae6ecdad6bfa25b4077e93536d7764172b2830acbdb661d7242512?s=96&d=mm&r=g","url":"https:\/\/secure.gravatar.com\/avatar\/68b3ed45b3ae6ecdad6bfa25b4077e93536d7764172b2830acbdb661d7242512?s=96&d=mm&r=g","height":96,"width":96}},"publisher":{"@type":"Organization","name":"elvie.cz","logo":{"@type":"ImageObject","@id":"\/logo.png","url":"\/logo.png","width":600,"height":60}},"image":{"@type":"ImageObject","@id":"https:\/\/www.elvie.cz\/wp-content\/uploads\/maldives-4703551_1280.jpg","url":"https:\/\/www.elvie.cz\/wp-content\/uploads\/maldives-4703551_1280.jpg","height":0,"width":0},"url":"https:\/\/www.elvie.cz\/cestovani-vsude\/","about":["Cestov\u00e1n\u00ed"],"wordCount":400,"articleBody":"Tak\u00e9 r\u00e1di cestujete, ale nev\u00edte, kam u\u017e se d\u00e1le pod\u00edvat? Pokud ano, tak j\u00e1 bych pro v\u00e1s m\u011bla osobn\u011b n\u011bkolik typ\u016f, kter\u00e9 by v\u00e1s jist\u011b ur\u010dit\u011b bavily. Zkou\u0161eli jste cestovat tak\u00e9 jenom po Evrop\u011b? Proto\u017ee kdy\u017e jsem se takhle ptala sv\u00fdch kamar\u00e1d\u016f anebo zn\u00e1m\u00fdch, tak oni mi \u0159ekli, \u017ee prav\u00e9 cestov\u00e1n\u00ed je to, kdy\u017e je to n\u011bkam za exotikou. Hm, docela zaj\u00edmav\u00e9, to m\u011b p\u0159ekvapilo. Jenom\u017ee pro\u010d by v\u0161echno muselo b\u00fdt pr\u00e1v\u011b jenom za exotikou? Pro\u010d t\u0159eba nechcete poznat It\u00e1lii nebo Francii? Pro m\u011b nap\u0159\u00edklad Francie a It\u00e1lie jsou exotika. J\u00e1 toti\u017e bydl\u00edm v \u010cesk\u00e9 republice v takov\u00e9 mal\u00e9 vesnici, tak\u017ee pro m\u011b je exotick\u00e9 skoro \u00fapln\u011b v\u0161echno. Samoz\u0159ejm\u011b, cht\u011bla bych se pod\u00edvat tak\u00e9 do Austr\u00e1lie, do Egypta tak\u00e9 do Japonska. Jenom\u017ee na to nem\u00e1m pen\u00edze, tak\u017ee absolutn\u011b taky nad t\u00edm nem\u016f\u017eu uva\u017eovat, proto\u017ee bych se v\u016fbec nedoplatila. Jedin\u011b, kdybych si vzala na toto luxusn\u00ed a orient\u00e1ln\u00ed cestov\u00e1n\u00ed n\u011bjakou p\u016fj\u010dku. Potom jsem si \u0159ekla, \u017ee se mi to nevyplat\u00ed, p\u0159ece se nebudu zadlu\u017eovat na velik\u00e9 pen\u00edze, jenom kv\u016fli tomu, \u017ee jsem se cht\u011bla pod\u00edvat na luxusn\u00ed dovolenou. Nav\u00edc, kdybych tohle \u0159ekla sv\u00e9mu p\u0159\u00edteli, \u017ee bych se cht\u011bla zadlu\u017eit jenom kv\u016fli drah\u00e9mu cestov\u00e1n\u00ed, tak by m\u011b hnal. Ten by m\u011b hnal ko\u0161t\u011btem, proto\u017ee on je s\u00e1m velice \u0161et\u0159iv\u00fd a s\u00e1m \u0159\u00edk\u00e1, \u017ee kdy\u017e pojedeme n\u011bkam k mo\u0159i, tak to bude Chorvatsko anebo Bulharsko. Ale abych se v\u00e1m p\u0159iznala, tak m\u011b to je jedno. Mn\u011b to v\u016fbec nevad\u00ed, Bulharsko m\u00e1m r\u00e1da, proto\u017ee to vlastn\u011b byla moje \u00fapln\u011b prvn\u00ed dovolen\u00e1 s rodi\u010di. Do Bulharska jsem tak\u00e9 cestovala poprv\u00e9 jako pracovn\u00ed cesta a tak\u00e9 v Bulharsku jsem poprv\u00e9 byla se sv\u00fdm partnerem. Bulharsko tak\u00e9 bylo prvn\u00ed v tom, \u017ee jsem tam byla poprv\u00e9 u\u017e s celou rodinou, a to v\u010detn\u011b m\u00fdch d\u011bt\u00ed a partnera. Tak\u017ee na Bulharsko m\u00e1m opravdu skv\u011bl\u00e9 vzpom\u00ednky a mysl\u00edm si, \u017ee kdybychom tam cestovali ka\u017ed\u00fd rok, tak budu velice nad\u0161en\u00e1.                                                                                                                                                                                                                                                                                                                                                                                        3.6\/5 - (5 votes)        "},{"@context":"https:\/\/schema.org\/","@type":"BreadcrumbList","itemListElement":[{"@type":"ListItem","position":1,"name":"Cestov\u00e1n\u00ed v\u0161ude","item":"https:\/\/www.elvie.cz\/cestovani-vsude\/#breadcrumbitem"}]}]