{"@context":"https:\/\/schema.org\/","@type":"CollectionPage","@id":"https:\/\/www.elvie.cz\/byt\/#CollectionPage","headline":"Byt Category","description":"","url":"https:\/\/www.elvie.cz\/byt\/","hasPart":[{"@type":"Article","@id":"https:\/\/www.elvie.cz\/chcete-bydlet-v-dome\/","headline":"Chcete bydlet v dom\u011b?","url":"https:\/\/www.elvie.cz\/chcete-bydlet-v-dome\/","datePublished":"2025-01-20","dateModified":"2025-01-20","mainEntityOfPage":"https:\/\/www.elvie.cz\/chcete-bydlet-v-dome\/","author":{"@type":"Person","@id":"https:\/\/www.elvie.cz\/author\/#Person","name":"","url":"https:\/\/www.elvie.cz\/author\/","identifier":1,"image":{"@type":"ImageObject","@id":"https:\/\/secure.gravatar.com\/avatar\/68b3ed45b3ae6ecdad6bfa25b4077e93536d7764172b2830acbdb661d7242512?s=96&d=mm&r=g","url":"https:\/\/secure.gravatar.com\/avatar\/68b3ed45b3ae6ecdad6bfa25b4077e93536d7764172b2830acbdb661d7242512?s=96&d=mm&r=g","height":96,"width":96}},"publisher":{"@type":"Organization","name":"elvie.cz","logo":{"@type":"ImageObject","@id":"\/logo.png","url":"\/logo.png","width":600,"height":60}},"image":{"@type":"ImageObject","@id":"https:\/\/www.elvie.cz\/wp-content\/uploads\/pexels-a-darmel-7642220.jpg","url":"https:\/\/www.elvie.cz\/wp-content\/uploads\/pexels-a-darmel-7642220.jpg","height":0,"width":0},"keywords":null},{"@type":"Article","@id":"https:\/\/www.elvie.cz\/dekorace-na-zed-do-bytu\/","headline":"Dekorace na ze\u010f do bytu","url":"https:\/\/www.elvie.cz\/dekorace-na-zed-do-bytu\/","datePublished":"2024-05-29","dateModified":"2024-05-29","mainEntityOfPage":"https:\/\/www.elvie.cz\/dekorace-na-zed-do-bytu\/","author":{"@type":"Person","@id":"https:\/\/www.elvie.cz\/author\/#Person","name":"","url":"https:\/\/www.elvie.cz\/author\/","identifier":1,"image":{"@type":"ImageObject","@id":"https:\/\/secure.gravatar.com\/avatar\/68b3ed45b3ae6ecdad6bfa25b4077e93536d7764172b2830acbdb661d7242512?s=96&d=mm&r=g","url":"https:\/\/secure.gravatar.com\/avatar\/68b3ed45b3ae6ecdad6bfa25b4077e93536d7764172b2830acbdb661d7242512?s=96&d=mm&r=g","height":96,"width":96}},"publisher":{"@type":"Organization","name":"elvie.cz","logo":{"@type":"ImageObject","@id":"\/logo.png","url":"\/logo.png","width":600,"height":60}},"image":{"@type":"ImageObject","@id":"https:\/\/www.elvie.cz\/wp-content\/uploads\/furniture-998265_640_10_10_5.jpg","url":"https:\/\/www.elvie.cz\/wp-content\/uploads\/furniture-998265_640_10_10_5.jpg","height":0,"width":0},"keywords":null},{"@type":"Article","@id":"https:\/\/www.elvie.cz\/zmena-k-lepsimu-vlastnim-bydlenim\/","headline":"Zm\u011bna k lep\u0161\u00edmu vlastn\u00edm bydlen\u00edm.","url":"https:\/\/www.elvie.cz\/zmena-k-lepsimu-vlastnim-bydlenim\/","datePublished":"2024-03-31","dateModified":"2024-03-31","mainEntityOfPage":"https:\/\/www.elvie.cz\/zmena-k-lepsimu-vlastnim-bydlenim\/","author":{"@type":"Person","@id":"https:\/\/www.elvie.cz\/author\/#Person","name":"","url":"https:\/\/www.elvie.cz\/author\/","identifier":1,"image":{"@type":"ImageObject","@id":"https:\/\/secure.gravatar.com\/avatar\/68b3ed45b3ae6ecdad6bfa25b4077e93536d7764172b2830acbdb661d7242512?s=96&d=mm&r=g","url":"https:\/\/secure.gravatar.com\/avatar\/68b3ed45b3ae6ecdad6bfa25b4077e93536d7764172b2830acbdb661d7242512?s=96&d=mm&r=g","height":96,"width":96}},"publisher":{"@type":"Organization","name":"elvie.cz","logo":{"@type":"ImageObject","@id":"\/logo.png","url":"\/logo.png","width":600,"height":60}},"image":{"@type":"ImageObject","@id":"https:\/\/www.elvie.cz\/wp-content\/uploads\/city-1093866_1280.jpg","url":"https:\/\/www.elvie.cz\/wp-content\/uploads\/city-1093866_1280.jpg","height":0,"width":0},"keywords":null},{"@type":"Article","@id":"https:\/\/www.elvie.cz\/jak-vytvorit-utulny-a-stylovy-domov\/","headline":"Jak vytvo\u0159it \u00fatuln\u00fd a stylov\u00fd domov","url":"https:\/\/www.elvie.cz\/jak-vytvorit-utulny-a-stylovy-domov\/","datePublished":"2024-01-25","dateModified":"2024-01-25","mainEntityOfPage":"https:\/\/www.elvie.cz\/jak-vytvorit-utulny-a-stylovy-domov\/","author":{"@type":"Person","@id":"https:\/\/www.elvie.cz\/author\/#Person","name":"","url":"https:\/\/www.elvie.cz\/author\/","identifier":1,"image":{"@type":"ImageObject","@id":"https:\/\/secure.gravatar.com\/avatar\/68b3ed45b3ae6ecdad6bfa25b4077e93536d7764172b2830acbdb661d7242512?s=96&d=mm&r=g","url":"https:\/\/secure.gravatar.com\/avatar\/68b3ed45b3ae6ecdad6bfa25b4077e93536d7764172b2830acbdb661d7242512?s=96&d=mm&r=g","height":96,"width":96}},"publisher":{"@type":"Organization","name":"elvie.cz","logo":{"@type":"ImageObject","@id":"\/logo.png","url":"\/logo.png","width":600,"height":60}},"image":{"@type":"ImageObject","@id":"https:\/\/www.elvie.cz\/wp-content\/uploads\/dekorace_3.jpg","url":"https:\/\/www.elvie.cz\/wp-content\/uploads\/dekorace_3.jpg","height":0,"width":0},"keywords":null},{"@type":"Article","@id":"https:\/\/www.elvie.cz\/muze-i-vetsi-rodina-bydlet-v-byte\/","headline":"M\u016f\u017ee i v\u011bt\u0161\u00ed rodina bydlet v byt\u011b","url":"https:\/\/www.elvie.cz\/muze-i-vetsi-rodina-bydlet-v-byte\/","datePublished":"2023-11-22","dateModified":"2024-02-22","mainEntityOfPage":"https:\/\/www.elvie.cz\/muze-i-vetsi-rodina-bydlet-v-byte\/","author":{"@type":"Person","@id":"https:\/\/www.elvie.cz\/author\/#Person","name":"","url":"https:\/\/www.elvie.cz\/author\/","identifier":1,"image":{"@type":"ImageObject","@id":"https:\/\/secure.gravatar.com\/avatar\/68b3ed45b3ae6ecdad6bfa25b4077e93536d7764172b2830acbdb661d7242512?s=96&d=mm&r=g","url":"https:\/\/secure.gravatar.com\/avatar\/68b3ed45b3ae6ecdad6bfa25b4077e93536d7764172b2830acbdb661d7242512?s=96&d=mm&r=g","height":96,"width":96}},"publisher":{"@type":"Organization","name":"elvie.cz","logo":{"@type":"ImageObject","@id":"\/logo.png","url":"\/logo.png","width":600,"height":60}},"image":{"@type":"ImageObject","@id":"https:\/\/www.elvie.cz\/wp-content\/uploads\/panelak1_10_9.jpg","url":"https:\/\/www.elvie.cz\/wp-content\/uploads\/panelak1_10_9.jpg","height":0,"width":0},"keywords":null},{"@type":"Article","@id":"https:\/\/www.elvie.cz\/muze-byt-byt-vhodny-i-pro-vetsi-rodinu\/","headline":"M\u016f\u017ee b\u00fdt byt vhodn\u00fd i pro v\u011bt\u0161\u00ed rodinu?","url":"https:\/\/www.elvie.cz\/muze-byt-byt-vhodny-i-pro-vetsi-rodinu\/","datePublished":"2023-10-29","dateModified":"2023-10-29","mainEntityOfPage":"https:\/\/www.elvie.cz\/muze-byt-byt-vhodny-i-pro-vetsi-rodinu\/","author":{"@type":"Person","@id":"https:\/\/www.elvie.cz\/author\/#Person","name":"","url":"https:\/\/www.elvie.cz\/author\/","identifier":1,"image":{"@type":"ImageObject","@id":"https:\/\/secure.gravatar.com\/avatar\/68b3ed45b3ae6ecdad6bfa25b4077e93536d7764172b2830acbdb661d7242512?s=96&d=mm&r=g","url":"https:\/\/secure.gravatar.com\/avatar\/68b3ed45b3ae6ecdad6bfa25b4077e93536d7764172b2830acbdb661d7242512?s=96&d=mm&r=g","height":96,"width":96}},"publisher":{"@type":"Organization","name":"elvie.cz","logo":{"@type":"ImageObject","@id":"\/logo.png","url":"\/logo.png","width":600,"height":60}},"image":{"@type":"ImageObject","@id":"https:\/\/www.elvie.cz\/wp-content\/uploads\/byt2_10_10_9.jpg","url":"https:\/\/www.elvie.cz\/wp-content\/uploads\/byt2_10_10_9.jpg","height":0,"width":0},"keywords":null},{"@type":"Article","@id":"https:\/\/www.elvie.cz\/planujete-se-osamostatnit\/","headline":"Pl\u00e1nujete se osamostatnit?","url":"https:\/\/www.elvie.cz\/planujete-se-osamostatnit\/","datePublished":"2023-07-15","dateModified":"2023-08-17","mainEntityOfPage":"https:\/\/www.elvie.cz\/planujete-se-osamostatnit\/","author":{"@type":"Person","@id":"https:\/\/www.elvie.cz\/author\/#Person","name":"","url":"https:\/\/www.elvie.cz\/author\/","identifier":1,"image":{"@type":"ImageObject","@id":"https:\/\/secure.gravatar.com\/avatar\/68b3ed45b3ae6ecdad6bfa25b4077e93536d7764172b2830acbdb661d7242512?s=96&d=mm&r=g","url":"https:\/\/secure.gravatar.com\/avatar\/68b3ed45b3ae6ecdad6bfa25b4077e93536d7764172b2830acbdb661d7242512?s=96&d=mm&r=g","height":96,"width":96}},"publisher":{"@type":"Organization","name":"elvie.cz","logo":{"@type":"ImageObject","@id":"\/logo.png","url":"\/logo.png","width":600,"height":60}},"image":{"@type":"ImageObject","@id":"https:\/\/www.elvie.cz\/wp-content\/uploads\/house-1836070_640_10_10_2.jpg","url":"https:\/\/www.elvie.cz\/wp-content\/uploads\/house-1836070_640_10_10_2.jpg","height":0,"width":0},"keywords":null},{"@type":"Article","@id":"https:\/\/www.elvie.cz\/modra-nadhera\/","headline":"Modr\u00e1 n\u00e1dhera","url":"https:\/\/www.elvie.cz\/modra-nadhera\/","datePublished":"2019-10-13","dateModified":"2019-10-13","mainEntityOfPage":"https:\/\/www.elvie.cz\/modra-nadhera\/","author":{"@type":"Person","@id":"https:\/\/www.elvie.cz\/author\/#Person","name":"","url":"https:\/\/www.elvie.cz\/author\/","identifier":1,"image":{"@type":"ImageObject","@id":"https:\/\/secure.gravatar.com\/avatar\/68b3ed45b3ae6ecdad6bfa25b4077e93536d7764172b2830acbdb661d7242512?s=96&d=mm&r=g","url":"https:\/\/secure.gravatar.com\/avatar\/68b3ed45b3ae6ecdad6bfa25b4077e93536d7764172b2830acbdb661d7242512?s=96&d=mm&r=g","height":96,"width":96}},"publisher":{"@type":"Organization","name":"elvie.cz","logo":{"@type":"ImageObject","@id":"\/logo.png","url":"\/logo.png","width":600,"height":60}},"image":{"@type":"ImageObject","@id":"https:\/\/www.elvie.cz\/wp-content\/uploads\/img_a370023_w1767_t1581855989.jpg","url":"https:\/\/www.elvie.cz\/wp-content\/uploads\/img_a370023_w1767_t1581855989.jpg","height":0,"width":0},"keywords":null}]}